{"id":9015,"date":"2025-05-22T11:03:11","date_gmt":"2025-05-22T09:03:11","guid":{"rendered":"https:\/\/www.carrefour-numerique.org\/?p=9015"},"modified":"2025-05-22T11:09:27","modified_gmt":"2025-05-22T09:09:27","slug":"assemblee-generale-3","status":"publish","type":"post","link":"https:\/\/www.carrefour-numerique.org\/?p=9015","title":{"rendered":"Assembl\u00e9e G\u00e9n\u00e9rale"},"content":{"rendered":"\t\t<div data-elementor-type=\"wp-post\" data-elementor-id=\"9015\" class=\"elementor elementor-9015\">\n\t\t\t\t\t\t<section class=\"elementor-section elementor-top-section elementor-element elementor-element-bda2912 elementor-section-boxed elementor-section-height-default elementor-section-height-default\" data-id=\"bda2912\" data-element_type=\"section\">\n\t\t\t\t\t\t<div class=\"elementor-container elementor-column-gap-default\">\n\t\t\t\t\t<div class=\"elementor-column elementor-col-100 elementor-top-column elementor-element elementor-element-45a2acc0\" data-id=\"45a2acc0\" data-element_type=\"column\">\n\t\t\t<div class=\"elementor-widget-wrap elementor-element-populated\">\n\t\t\t\t\t\t<div class=\"elementor-element elementor-element-c7ea130 elementor-widget elementor-widget-text-editor\" data-id=\"c7ea130\" data-element_type=\"widget\" data-widget_type=\"text-editor.default\">\n\t\t\t\t<div class=\"elementor-widget-container\">\n\t\t\t\t\t\t\t\t\t\n<p><strong>L\u2019assembl\u00e9e g\u00e9n\u00e9rale ordinaire du Carrefour Num\u00e9rique Gr\u00e9gorien<br \/>aura lieu le\u00a0<span style=\"color: #ff0000;\">lundi 26 mai 2025 \u00e0 19h<\/span>\u00a0salle Chateaubriand \u00e0 Saint Gr\u00e9goire.<\/strong><\/p>\n\n<p>Une convocation a \u00e9t\u00e9 envoy\u00e9e \u00e0 tous les membres de l\u2019association.<br \/>Si vous souhaitez participer \u00e0 la vie de l\u2019association ou int\u00e9grer le CA, n\u2019h\u00e9sitez pas \u00e0 proposer vos services.<\/p>\n\t\t\t\t\t\t\t\t<\/div>\n\t\t\t\t<\/div>\n\t\t\t\t\t<\/div>\n\t\t<\/div>\n\t\t\t\t\t<\/div>\n\t\t<\/section>\n\t\t\t\t<\/div>\n\t\t","protected":false},"excerpt":{"rendered":"<p>L\u2019assembl\u00e9e g\u00e9n\u00e9rale ordinaire du Carrefour Num\u00e9rique Gr\u00e9gorienaura lieu le\u00a0lundi 26 mai 2025 \u00e0 19h\u00a0salle Chateaubriand \u00e0 Saint Gr\u00e9goire. Une convocation a \u00e9t\u00e9 envoy\u00e9e \u00e0 tous les membres de l\u2019association.Si vous souhaitez participer \u00e0 la vie de l\u2019association ou int\u00e9grer le CA, n\u2019h\u00e9sitez pas \u00e0 proposer vos services.<\/p>\n","protected":false},"author":191,"featured_media":0,"comment_status":"open","ping_status":"open","sticky":false,"template":"","format":"aside","meta":{"inline_featured_image":false,"footnotes":""},"categories":[3],"tags":[],"class_list":["post-9015","post","type-post","status-publish","format-aside","hentry","category-information","post_format-post-format-aside"],"views":403,"_links":{"self":[{"href":"https:\/\/www.carrefour-numerique.org\/index.php?rest_route=\/wp\/v2\/posts\/9015","targetHints":{"allow":["GET"]}}],"collection":[{"href":"https:\/\/www.carrefour-numerique.org\/index.php?rest_route=\/wp\/v2\/posts"}],"about":[{"href":"https:\/\/www.carrefour-numerique.org\/index.php?rest_route=\/wp\/v2\/types\/post"}],"author":[{"embeddable":true,"href":"https:\/\/www.carrefour-numerique.org\/index.php?rest_route=\/wp\/v2\/users\/191"}],"replies":[{"embeddable":true,"href":"https:\/\/www.carrefour-numerique.org\/index.php?rest_route=%2Fwp%2Fv2%2Fcomments&post=9015"}],"version-history":[{"count":8,"href":"https:\/\/www.carrefour-numerique.org\/index.php?rest_route=\/wp\/v2\/posts\/9015\/revisions"}],"predecessor-version":[{"id":9023,"href":"https:\/\/www.carrefour-numerique.org\/index.php?rest_route=\/wp\/v2\/posts\/9015\/revisions\/9023"}],"wp:attachment":[{"href":"https:\/\/www.carrefour-numerique.org\/index.php?rest_route=%2Fwp%2Fv2%2Fmedia&parent=9015"}],"wp:term":[{"taxonomy":"category","embeddable":true,"href":"https:\/\/www.carrefour-numerique.org\/index.php?rest_route=%2Fwp%2Fv2%2Fcategories&post=9015"},{"taxonomy":"post_tag","embeddable":true,"href":"https:\/\/www.carrefour-numerique.org\/index.php?rest_route=%2Fwp%2Fv2%2Ftags&post=9015"}],"curies":[{"name":"wp","href":"https:\/\/api.w.org\/{rel}","templated":true}]}}