{"id":8417,"date":"2024-09-04T12:02:36","date_gmt":"2024-09-04T10:02:36","guid":{"rendered":"https:\/\/www.carrefour-numerique.org\/?p=8417"},"modified":"2024-09-04T12:02:37","modified_gmt":"2024-09-04T10:02:37","slug":"portes-ouvertes-fablab","status":"publish","type":"post","link":"https:\/\/www.carrefour-numerique.org\/?p=8417","title":{"rendered":"Portes ouvertes Fablab"},"content":{"rendered":"\n<p><img decoding=\"async\" src=\"https:\/\/www.carrefour-numerique.org\/wp-content\/uploads\/2024\/09\/fablab-porte_ouverte.png\" alt=\"\" \/><\/p>\n<p><span style=\"font-weight: 400;\">Le <\/span><b>Carrefour Num\u00e9rique Gr\u00e9gorien<\/b><span style=\"font-weight: 400;\"> a le plaisir de vous inviter aux <\/span><b>Portes Ouvertes<\/b><span style=\"font-weight: 400;\"> de son <\/span><b>FabLab <\/b><span style=\"font-weight: 400;\">! Cet \u00e9v\u00e9nement marquera l&#8217;ouverture officielle de cet espace d\u00e9di\u00e9 \u00e0 la cr\u00e9ation, \u00e0 l&#8217;innovation et \u00e0 la collaboration.<\/span><\/p>\n<p><b>Date :<\/b><span style=\"font-weight: 400;\"> 14 septembre 2024<\/span><span style=\"font-weight: 400;\"><br \/><\/span><b>Heure :<\/b><span style=\"font-weight: 400;\"> De 10h \u00e0 17h<\/span><span style=\"font-weight: 400;\"><br \/><\/span><b>Lieu :<\/b><span style=\"font-weight: 400;\"> Village des associations (derri\u00e8re le COSEC), Saint Gr\u00e9goire<\/span><\/p>\n<p><b>Au programme :<\/b><\/p>\n<ul>\n<li style=\"font-weight: 400;\" aria-level=\"1\"><span style=\"font-weight: 400;\">D\u00e9couverte des \u00e9quipements du FabLab (imprimantes 3D, d\u00e9coupe vinyle, d\u00e9coupe laser, \u00e9lectronique, etc.).<\/span><\/li>\n<li style=\"font-weight: 400;\" aria-level=\"1\"><span style=\"font-weight: 400;\">Ateliers participatifs pour vous initier \u00e0 la fabrication num\u00e9rique.<\/span><\/li>\n<li style=\"font-weight: 400;\" aria-level=\"1\"><span style=\"font-weight: 400;\">Rencontres avec notre communaut\u00e9.<\/span><\/li>\n<\/ul>\n<p><span style=\"font-weight: 400;\">Que vous soyez curieux, bricoleur, entrepreneur ou simplement int\u00e9ress\u00e9 par les nouvelles technologies, ces portes ouvertes sont une occasion id\u00e9ale pour d\u00e9couvrir notre univers et pourquoi pas, rejoindre notre communaut\u00e9 !<\/span><\/p>\n<p><span style=\"font-weight: 400;\">Nous serions honor\u00e9s de votre pr\u00e9sence pour c\u00e9l\u00e9brer ensemble cette nouvelle \u00e9tape dans la vie de notre association.<\/span><\/p>\n<p><span style=\"font-weight: 400;\">Au plaisir de vous accueillir,<\/span><\/p>\n<p><span style=\"font-weight: 400;\">L&#8217;\u00e9quipe du Carrefour Num\u00e9rique Gr\u00e9gorien<\/span><\/p>\n<p><img decoding=\"async\" class=\"alignright\" src=\"https:\/\/www.carrefour-numerique.org\/wp-content\/uploads\/2024\/09\/qrcode-maps.png\" alt=\"\" width=\"133\" height=\"177\" \/><\/p>\n<p>\u00a0<\/p>\n","protected":false},"excerpt":{"rendered":"<p>Le Carrefour Num\u00e9rique Gr\u00e9gorien a le plaisir de vous inviter aux Portes Ouvertes de son FabLab ! Cet \u00e9v\u00e9nement marquera l&#8217;ouverture officielle de cet espace d\u00e9di\u00e9 \u00e0 la cr\u00e9ation, \u00e0 l&#8217;innovation et \u00e0 la collaboration. Date : 14 septembre 2024Heure : De 10h \u00e0 17hLieu : Village des associations (derri\u00e8re le COSEC), Saint Gr\u00e9goire Au &#8230; <a title=\"Portes ouvertes Fablab\" class=\"read-more\" href=\"https:\/\/www.carrefour-numerique.org\/?p=8417\" aria-label=\"En savoir plus sur Portes ouvertes Fablab\">Lire la suite<\/a><\/p>\n","protected":false},"author":191,"featured_media":0,"comment_status":"open","ping_status":"open","sticky":false,"template":"","format":"standard","meta":{"inline_featured_image":false,"footnotes":""},"categories":[3],"tags":[],"class_list":["post-8417","post","type-post","status-publish","format-standard","hentry","category-information"],"views":837,"_links":{"self":[{"href":"https:\/\/www.carrefour-numerique.org\/index.php?rest_route=\/wp\/v2\/posts\/8417","targetHints":{"allow":["GET"]}}],"collection":[{"href":"https:\/\/www.carrefour-numerique.org\/index.php?rest_route=\/wp\/v2\/posts"}],"about":[{"href":"https:\/\/www.carrefour-numerique.org\/index.php?rest_route=\/wp\/v2\/types\/post"}],"author":[{"embeddable":true,"href":"https:\/\/www.carrefour-numerique.org\/index.php?rest_route=\/wp\/v2\/users\/191"}],"replies":[{"embeddable":true,"href":"https:\/\/www.carrefour-numerique.org\/index.php?rest_route=%2Fwp%2Fv2%2Fcomments&post=8417"}],"version-history":[{"count":2,"href":"https:\/\/www.carrefour-numerique.org\/index.php?rest_route=\/wp\/v2\/posts\/8417\/revisions"}],"predecessor-version":[{"id":8810,"href":"https:\/\/www.carrefour-numerique.org\/index.php?rest_route=\/wp\/v2\/posts\/8417\/revisions\/8810"}],"wp:attachment":[{"href":"https:\/\/www.carrefour-numerique.org\/index.php?rest_route=%2Fwp%2Fv2%2Fmedia&parent=8417"}],"wp:term":[{"taxonomy":"category","embeddable":true,"href":"https:\/\/www.carrefour-numerique.org\/index.php?rest_route=%2Fwp%2Fv2%2Fcategories&post=8417"},{"taxonomy":"post_tag","embeddable":true,"href":"https:\/\/www.carrefour-numerique.org\/index.php?rest_route=%2Fwp%2Fv2%2Ftags&post=8417"}],"curies":[{"name":"wp","href":"https:\/\/api.w.org\/{rel}","templated":true}]}}