{"id":8394,"date":"2024-07-06T18:46:06","date_gmt":"2024-07-06T16:46:06","guid":{"rendered":"https:\/\/www.carrefour-numerique.org\/?p=8394"},"modified":"2024-07-06T22:42:30","modified_gmt":"2024-07-06T20:42:30","slug":"inauguration-du-village-associatif","status":"publish","type":"post","link":"https:\/\/www.carrefour-numerique.org\/?p=8394","title":{"rendered":"Inauguration du village associatif"},"content":{"rendered":"\n<p>Le nouveau village associatif de Saint-Gr\u00e9goire a officiellement \u00e9t\u00e9 inaugur\u00e9 le 29 juin 2024. <br \/>Nos activit\u00e9s Fablab et Informatiques y sont largement repr\u00e9sent\u00e9es.<br \/>Retrouvez les moments forts de cette inauguration sur <strong><span style=\"background-color: #ffff99;\"><span style=\"text-decoration: underline;\"><em><span style=\"color: #ff0000;\"><a style=\"background-color: #ffff99; color: #ff0000; text-decoration: underline;\" href=\"https:\/\/www.ouest-france.fr\/bretagne\/saint-gregoire-35760\/saint-gregoire-le-nouveau-village-associatif-officiellement-inaugure-efd99452-386c-11ef-9bb5-7a0ef893f0bf\" target=\"_blank\" rel=\"noopener\">l&#8217;article en ligne de Ouest-France<\/a><\/span><\/em><\/span>\u00a0<\/span><\/strong><\/p>\n<p>et pour ceux qui n&#8217;auraient pas la connexion : <span style=\"text-decoration: underline;\"><span style=\"color: #ff0000; background-color: #ffff99; text-decoration: underline;\"><em><strong><a style=\"color: #ff0000; background-color: #ffff99; text-decoration: underline;\" href=\"https:\/\/www.carrefour-numerique.org\/wp-content\/uploads\/2024\/07\/inauguration.pdf\" target=\"_blank\" rel=\"noopener\">l&#8217;image de l&#8217;article<\/a><\/strong><\/em><\/span><\/span>.<\/p>\n","protected":false},"excerpt":{"rendered":"<p>Le nouveau village associatif de Saint-Gr\u00e9goire a officiellement \u00e9t\u00e9 inaugur\u00e9 le 29 juin 2024. Nos activit\u00e9s Fablab et Informatiques y sont largement repr\u00e9sent\u00e9es.Retrouvez les moments forts de cette inauguration sur l&#8217;article en ligne de Ouest-France\u00a0 et pour ceux qui n&#8217;auraient pas la connexion : l&#8217;image de l&#8217;article.<\/p>\n","protected":false},"author":191,"featured_media":0,"comment_status":"open","ping_status":"open","sticky":false,"template":"","format":"aside","meta":{"inline_featured_image":false,"footnotes":""},"categories":[3],"tags":[],"class_list":["post-8394","post","type-post","status-publish","format-aside","hentry","category-information","post_format-post-format-aside"],"views":638,"_links":{"self":[{"href":"https:\/\/www.carrefour-numerique.org\/index.php?rest_route=\/wp\/v2\/posts\/8394","targetHints":{"allow":["GET"]}}],"collection":[{"href":"https:\/\/www.carrefour-numerique.org\/index.php?rest_route=\/wp\/v2\/posts"}],"about":[{"href":"https:\/\/www.carrefour-numerique.org\/index.php?rest_route=\/wp\/v2\/types\/post"}],"author":[{"embeddable":true,"href":"https:\/\/www.carrefour-numerique.org\/index.php?rest_route=\/wp\/v2\/users\/191"}],"replies":[{"embeddable":true,"href":"https:\/\/www.carrefour-numerique.org\/index.php?rest_route=%2Fwp%2Fv2%2Fcomments&post=8394"}],"version-history":[{"count":7,"href":"https:\/\/www.carrefour-numerique.org\/index.php?rest_route=\/wp\/v2\/posts\/8394\/revisions"}],"predecessor-version":[{"id":8407,"href":"https:\/\/www.carrefour-numerique.org\/index.php?rest_route=\/wp\/v2\/posts\/8394\/revisions\/8407"}],"wp:attachment":[{"href":"https:\/\/www.carrefour-numerique.org\/index.php?rest_route=%2Fwp%2Fv2%2Fmedia&parent=8394"}],"wp:term":[{"taxonomy":"category","embeddable":true,"href":"https:\/\/www.carrefour-numerique.org\/index.php?rest_route=%2Fwp%2Fv2%2Fcategories&post=8394"},{"taxonomy":"post_tag","embeddable":true,"href":"https:\/\/www.carrefour-numerique.org\/index.php?rest_route=%2Fwp%2Fv2%2Ftags&post=8394"}],"curies":[{"name":"wp","href":"https:\/\/api.w.org\/{rel}","templated":true}]}}