{"id":8030,"date":"2023-11-28T18:01:50","date_gmt":"2023-11-28T17:01:50","guid":{"rendered":"https:\/\/www.carrefour-numerique.org\/?p=8030"},"modified":"2023-11-28T18:39:11","modified_gmt":"2023-11-28T17:39:11","slug":"telethon-2023","status":"publish","type":"post","link":"https:\/\/www.carrefour-numerique.org\/?p=8030","title":{"rendered":"T\u00e9l\u00e9thon 2023"},"content":{"rendered":"\t\t<div data-elementor-type=\"wp-post\" data-elementor-id=\"8030\" class=\"elementor elementor-8030\">\n\t\t\t\t\t\t<section class=\"elementor-section elementor-top-section elementor-element elementor-element-474bbd6 elementor-section-boxed elementor-section-height-default elementor-section-height-default\" data-id=\"474bbd6\" data-element_type=\"section\">\n\t\t\t\t\t\t<div class=\"elementor-container elementor-column-gap-default\">\n\t\t\t\t\t<div class=\"elementor-column elementor-col-100 elementor-top-column elementor-element elementor-element-574a6fe\" data-id=\"574a6fe\" data-element_type=\"column\">\n\t\t\t<div class=\"elementor-widget-wrap elementor-element-populated\">\n\t\t\t\t\t\t<div class=\"elementor-element elementor-element-bb36655 elementor-widget elementor-widget-text-editor\" data-id=\"bb36655\" data-element_type=\"widget\" data-widget_type=\"text-editor.default\">\n\t\t\t\t<div class=\"elementor-widget-container\">\n\t\t\t\t\t\t\t\t\t<p><span style=\"font-size: 12pt; font-family: helvetica, arial, sans-serif;\">Le Carrefour Num\u00e9rique Gr\u00e9gorien s\u2019associe \u00a0au t\u00e9l\u00e9thon en proposant un <strong>studio photo<\/strong> dont les b\u00e9n\u00e9fices sont revers\u00e9s au T\u00e9l\u00e9thon.<span style=\"color: var( --e-global-color-text ); font-weight: var( --e-global-typography-text-font-weight ); background-color: var(--base-2);\">\u00a0<br \/><\/span>L&#8217;objet est de permettre \u00e0 chacun de venir se faire prendre en photo seul ou accompagn\u00e9, au naturel ou d\u00e9guis\u00e9 au <strong>Grand hall de LA FORGE<\/strong>. Les photos sont s\u00e9lectionn\u00e9es ensemble sur place. Elles sont ensuite envoy\u00e9es par mail et les tirages papier fournis seront \u00e0 retirer au magasin Th\u00e9bault de La Forge quelques jours apr\u00e8s.<br \/>Le prix d&#8217;un tirage est fix\u00e9 \u00e0 5 euros.<span style=\"color: var( --e-global-color-text ); font-weight: var( --e-global-typography-text-font-weight ); background-color: var(--base-2);\">\u00a0<br \/><\/span><span style=\"color: var( --e-global-color-text ); font-weight: var( --e-global-typography-text-font-weight ); background-color: var(--base-2);\">\u00a0<br \/><\/span>Plusieurs membres du Carrefour Num\u00e9rique animeront le studio photo. Si vous souhaitez vous initier \u00e0 la prise de portrait ou simplement donner un coup de main, vous pouvez vous joindre \u00e0 eux.<\/span><\/p><p><b style=\"color: var( --e-global-color-text ); background-color: var(--base-2);\">Nous vous invitons \u00e9galement \u00e0 venir nombreux vous faire prendre en photo samedi 09 d\u00e9cembre 2023 dans le hall du centre d&#8217;animation de La Forge de entre 9h et 18h.<\/b><\/p>\t\t\t\t\t\t\t\t<\/div>\n\t\t\t\t<\/div>\n\t\t\t\t\t<\/div>\n\t\t<\/div>\n\t\t\t\t\t<\/div>\n\t\t<\/section>\n\t\t\t\t<\/div>\n\t\t","protected":false},"excerpt":{"rendered":"<p>Le Carrefour Num\u00e9rique Gr\u00e9gorien s\u2019associe \u00a0au t\u00e9l\u00e9thon en proposant un studio photo dont les b\u00e9n\u00e9fices sont revers\u00e9s au T\u00e9l\u00e9thon.\u00a0L&#8217;objet est de permettre \u00e0 chacun de venir se faire prendre en photo seul ou accompagn\u00e9, au naturel ou d\u00e9guis\u00e9 au Grand hall de LA FORGE. Les photos sont s\u00e9lectionn\u00e9es ensemble sur place. Elles sont ensuite envoy\u00e9es &#8230; <a title=\"T\u00e9l\u00e9thon 2023\" class=\"read-more\" href=\"https:\/\/www.carrefour-numerique.org\/?p=8030\" aria-label=\"En savoir plus sur T\u00e9l\u00e9thon 2023\">Lire la suite<\/a><\/p>\n","protected":false},"author":191,"featured_media":0,"comment_status":"open","ping_status":"open","sticky":false,"template":"","format":"aside","meta":{"inline_featured_image":false,"footnotes":""},"categories":[3,23],"tags":[],"class_list":["post-8030","post","type-post","status-publish","format-aside","hentry","category-information","category-telethon","post_format-post-format-aside"],"views":523,"_links":{"self":[{"href":"https:\/\/www.carrefour-numerique.org\/index.php?rest_route=\/wp\/v2\/posts\/8030","targetHints":{"allow":["GET"]}}],"collection":[{"href":"https:\/\/www.carrefour-numerique.org\/index.php?rest_route=\/wp\/v2\/posts"}],"about":[{"href":"https:\/\/www.carrefour-numerique.org\/index.php?rest_route=\/wp\/v2\/types\/post"}],"author":[{"embeddable":true,"href":"https:\/\/www.carrefour-numerique.org\/index.php?rest_route=\/wp\/v2\/users\/191"}],"replies":[{"embeddable":true,"href":"https:\/\/www.carrefour-numerique.org\/index.php?rest_route=%2Fwp%2Fv2%2Fcomments&post=8030"}],"version-history":[{"count":43,"href":"https:\/\/www.carrefour-numerique.org\/index.php?rest_route=\/wp\/v2\/posts\/8030\/revisions"}],"predecessor-version":[{"id":8075,"href":"https:\/\/www.carrefour-numerique.org\/index.php?rest_route=\/wp\/v2\/posts\/8030\/revisions\/8075"}],"wp:attachment":[{"href":"https:\/\/www.carrefour-numerique.org\/index.php?rest_route=%2Fwp%2Fv2%2Fmedia&parent=8030"}],"wp:term":[{"taxonomy":"category","embeddable":true,"href":"https:\/\/www.carrefour-numerique.org\/index.php?rest_route=%2Fwp%2Fv2%2Fcategories&post=8030"},{"taxonomy":"post_tag","embeddable":true,"href":"https:\/\/www.carrefour-numerique.org\/index.php?rest_route=%2Fwp%2Fv2%2Ftags&post=8030"}],"curies":[{"name":"wp","href":"https:\/\/api.w.org\/{rel}","templated":true}]}}