{"id":7947,"date":"2023-02-15T19:39:00","date_gmt":"2023-02-15T18:39:00","guid":{"rendered":"https:\/\/www.carrefour-numerique.org\/?p=7947"},"modified":"2023-09-15T19:43:49","modified_gmt":"2023-09-15T17:43:49","slug":"optons-pour-la-sobriete-numerique","status":"publish","type":"post","link":"https:\/\/www.carrefour-numerique.org\/?p=7947","title":{"rendered":"Optons pour la sobri\u00e9t\u00e9 num\u00e9rique"},"content":{"rendered":"\n<p><em>Le Club informatique de Thorign\u00e9-Fouillard vous invite \u00e0 une\u00a0<a href=\"https:\/\/www.carrefour-numerique.org\/wp-content\/uploads\/2023\/03\/Conference-thorigne.pdf\" target=\"_blank\" rel=\"noopener\"><strong>conf\u00e9rence<\/strong><\/a> tout public sur le th\u00e8me :<\/em><\/p>\n<h2><strong><em>\u00ab\u00a0Optons pour la sobri\u00e9t\u00e9 num\u00e9rique\u00a0\u00bb<\/em><\/strong><\/h2>\n<p><em>Cet \u00e9v\u00e8nement aura lieu le <strong>mercredi 22 mars \u00e0 17h, <\/strong><\/em><em>\u00e0 l\u2019auditorium de la m\u00e9diath\u00e8que de Thorign\u00e9-Fouillard, place de l\u2019Europe.<\/em><\/p>\n\n\n\n<div data-wp-interactive=\"core\/file\" class=\"wp-block-file\"><object data-wp-bind--hidden=\"!state.hasPdfPreview\" hidden class=\"wp-block-file__embed\" data=\"https:\/\/www.carrefour-numerique.org\/wp-content\/uploads\/2023\/03\/Conference-thorigne.pdf\" type=\"application\/pdf\" style=\"width:100%;height:600px\" aria-label=\"Contenu embarqu\u00e9 Conf\u00e9rence-thorign\u00e9.\"><\/object><a id=\"wp-block-file--media-9b315d5a-cd70-4860-8905-75e1933c1834\" href=\"https:\/\/www.carrefour-numerique.org\/wp-content\/uploads\/2023\/03\/Conference-thorigne.pdf\">Conf\u00e9rence-thorign\u00e9<\/a><a href=\"https:\/\/www.carrefour-numerique.org\/wp-content\/uploads\/2023\/03\/Conference-thorigne.pdf\" class=\"wp-block-file__button wp-element-button\" download aria-describedby=\"wp-block-file--media-9b315d5a-cd70-4860-8905-75e1933c1834\">T\u00e9l\u00e9charger<\/a><\/div>\n","protected":false},"excerpt":{"rendered":"<p>Le Club informatique de Thorign\u00e9-Fouillard vous invite \u00e0 une\u00a0conf\u00e9rence tout public sur le th\u00e8me : \u00ab\u00a0Optons pour la sobri\u00e9t\u00e9 num\u00e9rique\u00a0\u00bb Cet \u00e9v\u00e8nement aura lieu le mercredi 22 mars \u00e0 17h, \u00e0 l\u2019auditorium de la m\u00e9diath\u00e8que de Thorign\u00e9-Fouillard, place de l\u2019Europe.<\/p>\n","protected":false},"author":191,"featured_media":0,"comment_status":"open","ping_status":"open","sticky":false,"template":"","format":"aside","meta":{"inline_featured_image":false,"footnotes":""},"categories":[3],"tags":[],"class_list":["post-7947","post","type-post","status-publish","format-aside","hentry","category-information","post_format-post-format-aside"],"views":581,"_links":{"self":[{"href":"https:\/\/www.carrefour-numerique.org\/index.php?rest_route=\/wp\/v2\/posts\/7947","targetHints":{"allow":["GET"]}}],"collection":[{"href":"https:\/\/www.carrefour-numerique.org\/index.php?rest_route=\/wp\/v2\/posts"}],"about":[{"href":"https:\/\/www.carrefour-numerique.org\/index.php?rest_route=\/wp\/v2\/types\/post"}],"author":[{"embeddable":true,"href":"https:\/\/www.carrefour-numerique.org\/index.php?rest_route=\/wp\/v2\/users\/191"}],"replies":[{"embeddable":true,"href":"https:\/\/www.carrefour-numerique.org\/index.php?rest_route=%2Fwp%2Fv2%2Fcomments&post=7947"}],"version-history":[{"count":2,"href":"https:\/\/www.carrefour-numerique.org\/index.php?rest_route=\/wp\/v2\/posts\/7947\/revisions"}],"predecessor-version":[{"id":7949,"href":"https:\/\/www.carrefour-numerique.org\/index.php?rest_route=\/wp\/v2\/posts\/7947\/revisions\/7949"}],"wp:attachment":[{"href":"https:\/\/www.carrefour-numerique.org\/index.php?rest_route=%2Fwp%2Fv2%2Fmedia&parent=7947"}],"wp:term":[{"taxonomy":"category","embeddable":true,"href":"https:\/\/www.carrefour-numerique.org\/index.php?rest_route=%2Fwp%2Fv2%2Fcategories&post=7947"},{"taxonomy":"post_tag","embeddable":true,"href":"https:\/\/www.carrefour-numerique.org\/index.php?rest_route=%2Fwp%2Fv2%2Ftags&post=7947"}],"curies":[{"name":"wp","href":"https:\/\/api.w.org\/{rel}","templated":true}]}}