{"id":5249,"date":"2021-08-28T16:18:00","date_gmt":"2021-08-28T14:18:00","guid":{"rendered":"http:\/\/www.c-2i.org\/?p=5249"},"modified":"2021-08-28T16:55:30","modified_gmt":"2021-08-28T14:55:30","slug":"informations-2021","status":"publish","type":"post","link":"https:\/\/www.carrefour-numerique.org\/?p=5249","title":{"rendered":"Informations rentr\u00e9e 2021"},"content":{"rendered":"\t\t<div data-elementor-type=\"wp-post\" data-elementor-id=\"5249\" class=\"elementor elementor-5249\">\n\t\t\t\t\t\t<section class=\"elementor-section elementor-top-section elementor-element elementor-element-241187bf elementor-section-boxed elementor-section-height-default elementor-section-height-default\" data-id=\"241187bf\" data-element_type=\"section\">\n\t\t\t\t\t\t<div class=\"elementor-container elementor-column-gap-default\">\n\t\t\t\t\t<div class=\"elementor-column elementor-col-100 elementor-top-column elementor-element elementor-element-648755\" data-id=\"648755\" data-element_type=\"column\">\n\t\t\t<div class=\"elementor-widget-wrap elementor-element-populated\">\n\t\t\t\t\t\t<div class=\"elementor-element elementor-element-503cfd54 elementor-widget elementor-widget-text-editor\" data-id=\"503cfd54\" data-element_type=\"widget\" data-widget_type=\"text-editor.default\">\n\t\t\t\t<div class=\"elementor-widget-container\">\n\t\t\t\t\t\t\t\t\t<p><\/p>\n<p>En cette fin Ao\u00fbt, nous nous projetons vers la future rentr\u00e9e 2021-2022.<\/p>\n<p>Nous esp\u00e9rons que la situation sanitaire va se stabiliser pour que nous puissions organiser la reprise des sessions d\u00e9but octobre.\u00a0<\/p>\n<p><\/p>\n<p><\/p>\n<p>Le forum des associations aura lieu le <b>samedi 4 septembre <\/b>2021, salle du Cossec \u00e0 St-Gr\u00e9goire.<\/p>\n<p><b><u>Inscriptions:<\/u><\/b><\/p>\n<p>Vous pouvez vous inscrire ou vous r\u00e9-inscrire \u00e0 c-2I \u00e0 partir de notre site, <a href=\"http:\/\/c-2i.org\">http:\/\/c-2i.org<\/a> rubrique &#8220;1\u00e8re inscription&#8221;\u00a0 ou &#8220;r\u00e9-inscription&#8221; en page d&#8217;accueil.<\/p>\n<p>Bonnes fins de vacances !<\/p>\n<p>\u00a0<\/p>\n<p><\/p>\t\t\t\t\t\t\t\t<\/div>\n\t\t\t\t<\/div>\n\t\t\t\t\t<\/div>\n\t\t<\/div>\n\t\t\t\t\t<\/div>\n\t\t<\/section>\n\t\t\t\t<\/div>\n\t\t","protected":false},"excerpt":{"rendered":"<p>En cette fin Ao\u00fbt, nous nous projetons vers la future rentr\u00e9e 2021-2022. Nous esp\u00e9rons que la situation sanitaire va se stabiliser pour que nous puissions organiser la reprise des sessions d\u00e9but octobre.\u00a0 Le forum des associations aura lieu le samedi 4 septembre 2021, salle du Cossec \u00e0 St-Gr\u00e9goire. Inscriptions: Vous pouvez vous inscrire ou vous &#8230; <a title=\"Informations rentr\u00e9e 2021\" class=\"read-more\" href=\"https:\/\/www.carrefour-numerique.org\/?p=5249\" aria-label=\"En savoir plus sur Informations rentr\u00e9e 2021\">Lire la suite<\/a><\/p>\n","protected":false},"author":191,"featured_media":0,"comment_status":"closed","ping_status":"closed","sticky":false,"template":"","format":"aside","meta":{"inline_featured_image":false,"footnotes":""},"categories":[3],"tags":[],"class_list":["post-5249","post","type-post","status-publish","format-aside","hentry","category-information","post_format-post-format-aside"],"views":766,"_links":{"self":[{"href":"https:\/\/www.carrefour-numerique.org\/index.php?rest_route=\/wp\/v2\/posts\/5249","targetHints":{"allow":["GET"]}}],"collection":[{"href":"https:\/\/www.carrefour-numerique.org\/index.php?rest_route=\/wp\/v2\/posts"}],"about":[{"href":"https:\/\/www.carrefour-numerique.org\/index.php?rest_route=\/wp\/v2\/types\/post"}],"author":[{"embeddable":true,"href":"https:\/\/www.carrefour-numerique.org\/index.php?rest_route=\/wp\/v2\/users\/191"}],"replies":[{"embeddable":true,"href":"https:\/\/www.carrefour-numerique.org\/index.php?rest_route=%2Fwp%2Fv2%2Fcomments&post=5249"}],"version-history":[{"count":19,"href":"https:\/\/www.carrefour-numerique.org\/index.php?rest_route=\/wp\/v2\/posts\/5249\/revisions"}],"predecessor-version":[{"id":5298,"href":"https:\/\/www.carrefour-numerique.org\/index.php?rest_route=\/wp\/v2\/posts\/5249\/revisions\/5298"}],"wp:attachment":[{"href":"https:\/\/www.carrefour-numerique.org\/index.php?rest_route=%2Fwp%2Fv2%2Fmedia&parent=5249"}],"wp:term":[{"taxonomy":"category","embeddable":true,"href":"https:\/\/www.carrefour-numerique.org\/index.php?rest_route=%2Fwp%2Fv2%2Fcategories&post=5249"},{"taxonomy":"post_tag","embeddable":true,"href":"https:\/\/www.carrefour-numerique.org\/index.php?rest_route=%2Fwp%2Fv2%2Ftags&post=5249"}],"curies":[{"name":"wp","href":"https:\/\/api.w.org\/{rel}","templated":true}]}}