{"id":5032,"date":"2020-08-20T09:00:00","date_gmt":"2020-08-20T07:00:00","guid":{"rendered":"http:\/\/www.c-2i.org\/?p=5032"},"modified":"2020-08-20T09:26:11","modified_gmt":"2020-08-20T07:26:11","slug":"information-activites","status":"publish","type":"post","link":"https:\/\/www.carrefour-numerique.org\/?p=5032","title":{"rendered":"Informations et inscription 2020-2021"},"content":{"rendered":"\t\t<div data-elementor-type=\"wp-post\" data-elementor-id=\"5032\" class=\"elementor elementor-5032\">\n\t\t\t\t\t\t<section class=\"elementor-section elementor-top-section elementor-element elementor-element-d6e7b82 elementor-section-boxed elementor-section-height-default elementor-section-height-default\" data-id=\"d6e7b82\" data-element_type=\"section\">\n\t\t\t\t\t\t<div class=\"elementor-container elementor-column-gap-default\">\n\t\t\t\t\t<div class=\"elementor-column elementor-col-100 elementor-top-column elementor-element elementor-element-7f6cf20\" data-id=\"7f6cf20\" data-element_type=\"column\">\n\t\t\t<div class=\"elementor-widget-wrap elementor-element-populated\">\n\t\t\t\t\t\t<div class=\"elementor-element elementor-element-22fbe40 elementor-widget elementor-widget-image\" data-id=\"22fbe40\" data-element_type=\"widget\" data-widget_type=\"image.default\">\n\t\t\t\t<div class=\"elementor-widget-container\">\n\t\t\t\t\t\t\t\t\t\t\t\t\t\t\t<img fetchpriority=\"high\" decoding=\"async\" width=\"885\" height=\"500\" src=\"https:\/\/www.carrefour-numerique.org\/wp-content\/uploads\/2019\/09\/Anim-x.jpg\" class=\"attachment-large size-large wp-image-4800\" alt=\"\" srcset=\"https:\/\/www.carrefour-numerique.org\/wp-content\/uploads\/2019\/09\/Anim-x.jpg 885w, https:\/\/www.carrefour-numerique.org\/wp-content\/uploads\/2019\/09\/Anim-x-300x169.jpg 300w, https:\/\/www.carrefour-numerique.org\/wp-content\/uploads\/2019\/09\/Anim-x-768x434.jpg 768w\" sizes=\"(max-width: 885px) 100vw, 885px\" \/>\t\t\t\t\t\t\t\t\t\t\t\t\t\t\t<\/div>\n\t\t\t\t<\/div>\n\t\t\t\t\t<\/div>\n\t\t<\/div>\n\t\t\t\t\t<\/div>\n\t\t<\/section>\n\t\t\t\t<section class=\"elementor-section elementor-top-section elementor-element elementor-element-0ccd720 elementor-section-boxed elementor-section-height-default elementor-section-height-default\" data-id=\"0ccd720\" data-element_type=\"section\">\n\t\t\t\t\t\t<div class=\"elementor-container elementor-column-gap-default\">\n\t\t\t\t\t<div class=\"elementor-column elementor-col-100 elementor-top-column elementor-element elementor-element-f1e828d\" data-id=\"f1e828d\" data-element_type=\"column\">\n\t\t\t<div class=\"elementor-widget-wrap elementor-element-populated\">\n\t\t\t\t\t\t<div class=\"elementor-element elementor-element-8b4b2e6 elementor-invisible elementor-widget elementor-widget-text-editor\" data-id=\"8b4b2e6\" data-element_type=\"widget\" data-settings=\"{&quot;_animation&quot;:&quot;fadeIn&quot;}\" data-widget_type=\"text-editor.default\">\n\t\t\t\t<div class=\"elementor-widget-container\">\n\t\t\t\t\t\t\t\t\t<p><span style=\"font-size: 14pt;\">Nos sessions sont <span style=\"color: #ffffff;\">arr\u00eat\u00e9es<\/span> suite au Covid 19.<\/span><\/p><p><span style=\"font-size: 14pt;\">La reprise de nos activit\u00e9s est th\u00e9oriquement pr\u00e9vue apr\u00e8s les vacances.<\/span><\/p><p><span style=\"text-decoration: underline;\"><strong><span style=\"font-size: 14pt;\">Inscriptions pour l&#8217;ann\u00e9e 2020-2021:<\/span><\/strong><\/span><\/p><p><span style=\"font-size: 14pt;\"><span style=\"text-decoration: underline;\">Nota:<\/span> Le<span style=\"color: #3366ff;\"><strong> <a style=\"color: #3366ff;\" href=\"http:\/\/www.c-2i.org\/?page_id=570\">planning<\/a><\/strong><\/span> de nos sessions est en ligne et vous pouvez\u00a0 vous <strong>inscrire<\/strong> ou<strong> r\u00e9-inscrire<\/strong> sur notre site <a href=\"http:\/\/www.c-2i.org\/\">c-2i <\/a>pour l&#8217;ann\u00e9e 2020-2021.<\/span><\/p><ul><li><span style=\"font-size: 14pt;\">Vous pourrez \u00e9galement vous inscrire lors du forum des associations qui devrait avoir lieu le samedi 5 septembre.<\/span><\/li><\/ul>\t\t\t\t\t\t\t\t<\/div>\n\t\t\t\t<\/div>\n\t\t\t\t\t<\/div>\n\t\t<\/div>\n\t\t\t\t\t<\/div>\n\t\t<\/section>\n\t\t\t\t<\/div>\n\t\t","protected":false},"excerpt":{"rendered":"<p>Nos sessions sont arr\u00eat\u00e9es suite au Covid 19. La reprise de nos activit\u00e9s est th\u00e9oriquement pr\u00e9vue apr\u00e8s les vacances. Inscriptions pour l&#8217;ann\u00e9e 2020-2021: Nota: Le planning de nos sessions est en ligne et vous pouvez&nbsp; vous inscrire ou r\u00e9-inscrire sur notre site c-2i pour l&#8217;ann\u00e9e 2020-2021. Vous pourrez \u00e9galement vous inscrire lors du forum des &#8230; <a title=\"Informations et inscription 2020-2021\" class=\"read-more\" href=\"https:\/\/www.carrefour-numerique.org\/?p=5032\" aria-label=\"En savoir plus sur Informations et inscription 2020-2021\">Lire la suite<\/a><\/p>\n","protected":false},"author":191,"featured_media":5061,"comment_status":"open","ping_status":"open","sticky":false,"template":"","format":"aside","meta":{"inline_featured_image":false,"footnotes":""},"categories":[3],"tags":[],"class_list":["post-5032","post","type-post","status-publish","format-aside","has-post-thumbnail","hentry","category-information","post_format-post-format-aside"],"views":833,"_links":{"self":[{"href":"https:\/\/www.carrefour-numerique.org\/index.php?rest_route=\/wp\/v2\/posts\/5032","targetHints":{"allow":["GET"]}}],"collection":[{"href":"https:\/\/www.carrefour-numerique.org\/index.php?rest_route=\/wp\/v2\/posts"}],"about":[{"href":"https:\/\/www.carrefour-numerique.org\/index.php?rest_route=\/wp\/v2\/types\/post"}],"author":[{"embeddable":true,"href":"https:\/\/www.carrefour-numerique.org\/index.php?rest_route=\/wp\/v2\/users\/191"}],"replies":[{"embeddable":true,"href":"https:\/\/www.carrefour-numerique.org\/index.php?rest_route=%2Fwp%2Fv2%2Fcomments&post=5032"}],"version-history":[{"count":28,"href":"https:\/\/www.carrefour-numerique.org\/index.php?rest_route=\/wp\/v2\/posts\/5032\/revisions"}],"predecessor-version":[{"id":5124,"href":"https:\/\/www.carrefour-numerique.org\/index.php?rest_route=\/wp\/v2\/posts\/5032\/revisions\/5124"}],"wp:featuredmedia":[{"embeddable":true,"href":"https:\/\/www.carrefour-numerique.org\/index.php?rest_route=\/wp\/v2\/media\/5061"}],"wp:attachment":[{"href":"https:\/\/www.carrefour-numerique.org\/index.php?rest_route=%2Fwp%2Fv2%2Fmedia&parent=5032"}],"wp:term":[{"taxonomy":"category","embeddable":true,"href":"https:\/\/www.carrefour-numerique.org\/index.php?rest_route=%2Fwp%2Fv2%2Fcategories&post=5032"},{"taxonomy":"post_tag","embeddable":true,"href":"https:\/\/www.carrefour-numerique.org\/index.php?rest_route=%2Fwp%2Fv2%2Ftags&post=5032"}],"curies":[{"name":"wp","href":"https:\/\/api.w.org\/{rel}","templated":true}]}}