{"id":4157,"date":"2018-10-28T10:25:22","date_gmt":"2018-10-28T09:25:22","guid":{"rendered":"http:\/\/www.c-2i.org\/?p=4157"},"modified":"2018-10-29T09:31:20","modified_gmt":"2018-10-29T08:31:20","slug":"fin-de-la-rtc","status":"publish","type":"post","link":"https:\/\/www.carrefour-numerique.org\/?p=4157","title":{"rendered":"T\u00e9l\u00e9phone,fin de la RTC"},"content":{"rendered":"\t\t<div data-elementor-type=\"wp-post\" data-elementor-id=\"4157\" class=\"elementor elementor-4157 elementor-bc-flex-widget\">\n\t\t\t\t\t\t<section class=\"elementor-section elementor-top-section elementor-element elementor-element-2bc35ef elementor-section-boxed elementor-section-height-default elementor-section-height-default\" data-id=\"2bc35ef\" data-element_type=\"section\">\n\t\t\t\t\t\t<div class=\"elementor-container elementor-column-gap-default\">\n\t\t\t\t\t<div class=\"elementor-column elementor-col-100 elementor-top-column elementor-element elementor-element-a39d103\" data-id=\"a39d103\" data-element_type=\"column\">\n\t\t\t<div class=\"elementor-widget-wrap elementor-element-populated\">\n\t\t\t\t\t\t<div class=\"elementor-element elementor-element-22995b2 elementor-widget elementor-widget-text-editor\" data-id=\"22995b2\" data-element_type=\"widget\" data-widget_type=\"text-editor.default\">\n\t\t\t\t<div class=\"elementor-widget-container\">\n\t\t\t\t\t\t\t\t\t<p><img decoding=\"async\" class=\"\" src=\"http:\/\/www.c-2i.org\/wp-content\/uploads\/2018\/10\/Tel-rtcn.png\" alt=\"\" width=\"311\" height=\"112\" \/><\/p><p><span style=\"color: #000000;\"><u><b>Explications:<\/b><\/u><\/span><\/p><p><span style=\"color: #000000;\"><b>Qu\u2019est-ce <\/b><b>que le RTC\u00a0?<\/b><\/span><\/p><p><span style=\"color: #000000;\">Il s\u2019agit du r\u00e9seau t\u00e9l\u00e9phonique commut\u00e9 (RTC), invent\u00e9 \u00e0 la fin du XIXe\u00a0si\u00e8cle et d\u00e9ploy\u00e9 par<\/span><\/p><p><span style=\"color: #000000;\">France T\u00e9l\u00e9com dans les ann\u00e9es\u00a01980\u00a0 pour faire face \u00e0 l\u2019augmentation du nombre de t\u00e9l\u00e9phones<\/span><\/p><p><span style=\"color: #000000;\">dans les foyers. Vous l\u2019utilisez encore si votre t\u00e9l\u00e9phone fixe est branch\u00e9 sur la prise t\u00e9l\u00e9phonique<\/span><\/p><p><span style=\"color: #000000;\">murale de votre logement (prise\u00a0T).<\/span><\/p><p><span style=\"color: #000000;\"><b>Pourquoi le RTC est-il abandonn\u00e9\u00a0?<\/b><\/span><\/p><p><span style=\"color: #000000;\">Le r\u00e9seau RTC devenait de plus en plus compliqu\u00e9 \u00e0 entretenir alors qu\u2019il \u00e9tait de moins en moins<\/span><\/p><p><span style=\"color: #000000;\">utilis\u00e9. Orange (ex-France T\u00e9l\u00e9com) a donc d\u00e9cid\u00e9, avec l\u2019accord de l\u2019Autorit\u00e9 de r\u00e9gulation<\/span><\/p><p><span style=\"color: #000000;\">des communications \u00e9lectroniques et des postes (Arcep), de faire basculer toutes les communications<\/span><\/p><p><span style=\"color: #000000;\">vers l\u2019IP, un protocole international plus moderne, plus simple et plus performant.<\/span><\/p><p><span style=\"color: #000000;\"><b>Qui sera impact\u00e9 par\u00a0la fin du RTC\u00a0<\/b><b>?<\/b><\/span><\/p><p><span style=\"color: #000000;\">Seuls les abonn\u00e9s dont le t\u00e9l\u00e9phone fixe est branch\u00e9 sur la prise murale ou qui disposent d\u2019une<\/span><\/p><p><span style=\"color: #000000;\">ligne classique (pour leur fax, leur syst\u00e8me de protection ou autre) sont impact\u00e9s, soit quelques<\/span><\/p><p><span style=\"color: #000000;\">6 millions d\u2019abonn\u00e9s Orange. De nombreuses entreprises vont aussi devoir mettre leurs \u00e9quipements<\/span><\/p><p><span style=\"color: #000000;\">aux normes. En revanche, si votre t\u00e9l\u00e9phone est d\u00e9j\u00e0 branch\u00e9 sur une box, vous n\u2019aurez rien \u00e0 changer.<\/span><\/p><p><span style=\"color: #000000;\"><b>La fin du RTC signifie-t-elle la disparition du fil de cuivre\u00a0?<\/b><\/span><\/p><p><span style=\"color: #000000;\">Non. Le fil de cuivre et la prise T ne dispara\u00eetront pas avec la fin du RTC, mais il ne sera plus possible<\/span><\/p><p><span style=\"color: #000000;\">d\u2019y brancher un t\u00e9l\u00e9phone directement. Le t\u00e9l\u00e9phone devra obligatoirement \u00eatre branch\u00e9 sur une box,<\/span><\/p><p><span style=\"color: #000000;\">qui elle-m\u00eame sera connect\u00e9e \u00e0 la prise murale.<\/span><\/p><p><span style=\"color: #000000;\"><b>Quelles sont les \u00e9tapes de ce basculement\u00a0?<\/b><\/span><\/p><p><span style=\"color: #000000;\"><b>\u00c0 partir du 15 novembre 2018<\/b><\/span><br \/><span style=\"color: #000000;\">Orange arr\u00eate de commercialiser le RTC pour le grand public. Concr\u00e8tement, il ne sera plus possible<\/span><\/p><p><span style=\"color: #000000;\">d\u2019obtenir la cr\u00e9ation d\u2019une ligne RTC, notamment en cas d\u2019emm\u00e9nagement dans un nouveau logement.<\/span><\/p><p><span style=\"color: #000000;\"><b>\u00c0 partir du 15 novembre 2019<\/b><\/span><br \/><span style=\"color: #000000;\">L\u2019arr\u00eat de la commercialisation du RTC est \u00e9tendu aux entreprises.<\/span><\/p><p><span style=\"color: #000000;\"><b>\u00c0 partir de 2023<\/b><\/span><br \/><span style=\"color: #000000;\">Les premi\u00e8res lignes RTC arr\u00eateront de fonctionner. Les personnes concern\u00e9es seront alors contraintes<\/span><\/p><p><span style=\"color: #000000;\">de basculer vers une technologie IP si elles veulent continuer \u00e0 utiliser un t\u00e9l\u00e9phone fixe.<\/span><\/p><p><span style=\"color: #000000;\">Ces basculements se feront par plaques, c\u2019est-\u00e0-dire par groupe de communes ou par arrondissement,<\/span><\/p><p><span style=\"color: #000000;\">et s\u2019\u00e9taleront jusqu\u2019en 2030.<\/span><\/p><p><span style=\"color: #000000;\"><b>J\u2019ai un t\u00e9l\u00e9phone fixe branch\u00e9 sur la prise murale. Que dois-je faire dans l\u2019imm\u00e9diat\u00a0?<\/b><\/span><\/p><p><span style=\"color: #000000;\">Tant que vous ne d\u00e9m\u00e9nagez pas, vous pouvez conserver votre installation actuelle jusqu\u2019\u00e0 l\u2019extinction<\/span><\/p><p><span style=\"color: #000000;\">du RTC dans votre commune. Celle-ci n\u2019interviendra pas avant 2023.<\/span><\/p><p><em><span style=\"color: #000000;\">(Sources UFC que choisir sept. 2018)<\/span><\/em><\/p>\t\t\t\t\t\t\t\t<\/div>\n\t\t\t\t<\/div>\n\t\t\t\t\t<\/div>\n\t\t<\/div>\n\t\t\t\t\t<\/div>\n\t\t<\/section>\n\t\t\t\t<\/div>\n\t\t","protected":false},"excerpt":{"rendered":"<p>Explications: Qu\u2019est-ce que le RTC\u00a0? Il s\u2019agit du r\u00e9seau t\u00e9l\u00e9phonique commut\u00e9 (RTC), invent\u00e9 \u00e0 la fin du XIXe\u00a0si\u00e8cle et d\u00e9ploy\u00e9 par France T\u00e9l\u00e9com dans les ann\u00e9es\u00a01980\u00a0 pour faire face \u00e0 l\u2019augmentation du nombre de t\u00e9l\u00e9phones dans les foyers. Vous l\u2019utilisez encore si votre t\u00e9l\u00e9phone fixe est branch\u00e9 sur la prise t\u00e9l\u00e9phonique murale de votre logement &#8230; <a title=\"T\u00e9l\u00e9phone,fin de la RTC\" class=\"read-more\" href=\"https:\/\/www.carrefour-numerique.org\/?p=4157\" aria-label=\"En savoir plus sur T\u00e9l\u00e9phone,fin de la RTC\">Lire la suite<\/a><\/p>\n","protected":false},"author":191,"featured_media":0,"comment_status":"open","ping_status":"open","sticky":false,"template":"","format":"aside","meta":{"inline_featured_image":false,"footnotes":""},"categories":[3],"tags":[],"class_list":["post-4157","post","type-post","status-publish","format-aside","hentry","category-information","post_format-post-format-aside"],"views":772,"_links":{"self":[{"href":"https:\/\/www.carrefour-numerique.org\/index.php?rest_route=\/wp\/v2\/posts\/4157","targetHints":{"allow":["GET"]}}],"collection":[{"href":"https:\/\/www.carrefour-numerique.org\/index.php?rest_route=\/wp\/v2\/posts"}],"about":[{"href":"https:\/\/www.carrefour-numerique.org\/index.php?rest_route=\/wp\/v2\/types\/post"}],"author":[{"embeddable":true,"href":"https:\/\/www.carrefour-numerique.org\/index.php?rest_route=\/wp\/v2\/users\/191"}],"replies":[{"embeddable":true,"href":"https:\/\/www.carrefour-numerique.org\/index.php?rest_route=%2Fwp%2Fv2%2Fcomments&post=4157"}],"version-history":[{"count":11,"href":"https:\/\/www.carrefour-numerique.org\/index.php?rest_route=\/wp\/v2\/posts\/4157\/revisions"}],"predecessor-version":[{"id":4176,"href":"https:\/\/www.carrefour-numerique.org\/index.php?rest_route=\/wp\/v2\/posts\/4157\/revisions\/4176"}],"wp:attachment":[{"href":"https:\/\/www.carrefour-numerique.org\/index.php?rest_route=%2Fwp%2Fv2%2Fmedia&parent=4157"}],"wp:term":[{"taxonomy":"category","embeddable":true,"href":"https:\/\/www.carrefour-numerique.org\/index.php?rest_route=%2Fwp%2Fv2%2Fcategories&post=4157"},{"taxonomy":"post_tag","embeddable":true,"href":"https:\/\/www.carrefour-numerique.org\/index.php?rest_route=%2Fwp%2Fv2%2Ftags&post=4157"}],"curies":[{"name":"wp","href":"https:\/\/api.w.org\/{rel}","templated":true}]}}