{"id":2997,"date":"2018-01-29T19:35:36","date_gmt":"2018-01-29T18:35:36","guid":{"rendered":"http:\/\/www.c-2i.org\/?p=2997"},"modified":"2019-06-25T19:51:00","modified_gmt":"2019-06-25T17:51:00","slug":"la-television-a-lair-du-numerique","status":"publish","type":"post","link":"https:\/\/www.carrefour-numerique.org\/?p=2997","title":{"rendered":"La t\u00e9l\u00e9vision \u00e0 l&#8217;\u00e8re du num\u00e9rique"},"content":{"rendered":"\t\t<div data-elementor-type=\"wp-post\" data-elementor-id=\"2997\" class=\"elementor elementor-2997\">\n\t\t\t\t\t\t<section class=\"elementor-section elementor-top-section elementor-element elementor-element-36617259 elementor-section-boxed elementor-section-height-default elementor-section-height-default\" data-id=\"36617259\" data-element_type=\"section\">\n\t\t\t\t\t\t<div class=\"elementor-container elementor-column-gap-default\">\n\t\t\t\t\t<div class=\"elementor-column elementor-col-100 elementor-top-column elementor-element elementor-element-2756d15b\" data-id=\"2756d15b\" data-element_type=\"column\">\n\t\t\t<div class=\"elementor-widget-wrap elementor-element-populated\">\n\t\t\t\t\t\t<div class=\"elementor-element elementor-element-659a4c6f elementor-widget elementor-widget-text-editor\" data-id=\"659a4c6f\" data-element_type=\"widget\" data-widget_type=\"text-editor.default\">\n\t\t\t\t<div class=\"elementor-widget-container\">\n\t\t\t\t\t\t\t\t\t<span style=\"font-size: 14pt;\">Conf\u00e9rence\u00a0<\/span>TNT\u00a0le mardi 6 f\u00e9vrier \u00e0 14h00 35 Cesson (Avenue\u00a0 de la Boulaie)\n<em><strong>des nouvelles images\u00a0<\/strong><\/em><strong><em>aux nouveaux r\u00e9seaux !\u00a0<\/em><\/strong>\n\nVous souhaitez en savoir plus sur ce que le num\u00e9rique a apport\u00e9 au monde de la t\u00e9l\u00e9vision,\u00a0d\u00e9couvrir ce que signifient les sigles \u00ab\u00a0MPEG4\u00a0\u00bb, \u00ab\u00a0DVBT\u00a0\u00bb ou \u00ab\u00a04K\u00a0\u00bb qui fleurissent sur vos t\u00e9l\u00e9viseurs.\n\n<strong>\u00a0Exposition \u2013 Campus de CentraleSup\u00e9lec\n<\/strong>Gratuit \u2013 ouvert \u00e0 tous\nMercredi 7 f\u00e9vrier : 12h \u2013 16h\nJeudi 8 f\u00e9vrier : 12 \u2013 nocturne-20h\nVendredi 9 et Samedi 10 f\u00e9vrier : 14 \u2013 18h\nInscription obligatoire pour les groupes : tnt@a3c7.fr\n\n<span style=\"color: #333333; font-family: Helvetica, Arial, sans-serif;\"><a href=\"http:\/\/a3c7.fr\/a3c7new\/index.php?option=com_content&amp;view=article&amp;id=233\" target=\"_blank\" rel=\"noopener noreferrer\" data-saferedirecturl=\"https:\/\/www.google.com\/url?hl=fr&amp;q=http:\/\/a3c7.fr\/a3c7new\/index.php?option%3Dcom_content%26view%3Darticle%26id%3D233&amp;source=gmail&amp;ust=1517335968036000&amp;usg=AFQjCNF3pqVkNLHeYTQ-Tr5lIFfhtIIiIA\">http:\/\/a3c7.fr\/a3c7new\/index.<wbr \/>php?option=com_content&amp;view=<wbr \/>article&amp;id=233<\/a><\/span>\t\t\t\t\t\t\t\t<\/div>\n\t\t\t\t<\/div>\n\t\t\t\t\t<\/div>\n\t\t<\/div>\n\t\t\t\t\t<\/div>\n\t\t<\/section>\n\t\t\t\t<\/div>\n\t\t","protected":false},"excerpt":{"rendered":"<p>Conf\u00e9rence&nbsp;TNT&nbsp;le mardi 6 f\u00e9vrier \u00e0 14h00 35 Cesson (Avenue&nbsp; de la Boulaie) des nouvelles images&nbsp;aux nouveaux r\u00e9seaux !&nbsp; Vous souhaitez en savoir plus sur ce que le num\u00e9rique a apport\u00e9 au monde de la t\u00e9l\u00e9vision,&nbsp;d\u00e9couvrir ce que signifient les sigles \u00ab&nbsp;MPEG4&nbsp;\u00bb, \u00ab&nbsp;DVBT&nbsp;\u00bb ou \u00ab&nbsp;4K&nbsp;\u00bb qui fleurissent sur vos t\u00e9l\u00e9viseurs. &nbsp;Exposition \u2013 Campus de CentraleSup\u00e9lec Gratuit &#8230; <a title=\"La t\u00e9l\u00e9vision \u00e0 l&#8217;\u00e8re du num\u00e9rique\" class=\"read-more\" href=\"https:\/\/www.carrefour-numerique.org\/?p=2997\" aria-label=\"En savoir plus sur La t\u00e9l\u00e9vision \u00e0 l&#8217;\u00e8re du num\u00e9rique\">Lire la suite<\/a><\/p>\n","protected":false},"author":191,"featured_media":0,"comment_status":"closed","ping_status":"closed","sticky":false,"template":"","format":"standard","meta":{"inline_featured_image":false,"footnotes":""},"categories":[9],"tags":[],"class_list":["post-2997","post","type-post","status-publish","format-standard","hentry","category-conference"],"views":717,"_links":{"self":[{"href":"https:\/\/www.carrefour-numerique.org\/index.php?rest_route=\/wp\/v2\/posts\/2997","targetHints":{"allow":["GET"]}}],"collection":[{"href":"https:\/\/www.carrefour-numerique.org\/index.php?rest_route=\/wp\/v2\/posts"}],"about":[{"href":"https:\/\/www.carrefour-numerique.org\/index.php?rest_route=\/wp\/v2\/types\/post"}],"author":[{"embeddable":true,"href":"https:\/\/www.carrefour-numerique.org\/index.php?rest_route=\/wp\/v2\/users\/191"}],"replies":[{"embeddable":true,"href":"https:\/\/www.carrefour-numerique.org\/index.php?rest_route=%2Fwp%2Fv2%2Fcomments&post=2997"}],"version-history":[{"count":5,"href":"https:\/\/www.carrefour-numerique.org\/index.php?rest_route=\/wp\/v2\/posts\/2997\/revisions"}],"predecessor-version":[{"id":4614,"href":"https:\/\/www.carrefour-numerique.org\/index.php?rest_route=\/wp\/v2\/posts\/2997\/revisions\/4614"}],"wp:attachment":[{"href":"https:\/\/www.carrefour-numerique.org\/index.php?rest_route=%2Fwp%2Fv2%2Fmedia&parent=2997"}],"wp:term":[{"taxonomy":"category","embeddable":true,"href":"https:\/\/www.carrefour-numerique.org\/index.php?rest_route=%2Fwp%2Fv2%2Fcategories&post=2997"},{"taxonomy":"post_tag","embeddable":true,"href":"https:\/\/www.carrefour-numerique.org\/index.php?rest_route=%2Fwp%2Fv2%2Ftags&post=2997"}],"curies":[{"name":"wp","href":"https:\/\/api.w.org\/{rel}","templated":true}]}}