{"id":2896,"date":"2017-05-12T11:40:38","date_gmt":"2017-05-12T09:40:38","guid":{"rendered":"http:\/\/www.c-2i.org\/?p=2896"},"modified":"2018-04-19T01:11:47","modified_gmt":"2018-04-18T23:11:47","slug":"conference-declaration-en-ligne-des-impots","status":"publish","type":"post","link":"https:\/\/www.carrefour-numerique.org\/?p=2896","title":{"rendered":"&#8220;D\u00e9claration en ligne des imp\u00f4ts&#8221;"},"content":{"rendered":"<p>c-2i organise une conf\u00e9rence le <strong>mardi 16 mai<\/strong> 2017 \u00e0 20 h 00 salle Chateaubriand de St-Gr\u00e9goire sur le th\u00e8me suivant:<\/p>\n<p>&#8220;<strong>Aide \u00e0 la d\u00e9claration en ligne des imp\u00f4ts<\/strong>&#8221;<\/p>\n<p><img decoding=\"async\" class=\"alignnone size-thumbnail wp-image-2895\" src=\"http:\/\/www.c-2i.org\/wp-content\/uploads\/2017\/05\/impots-en-ligne-150x80.png\" alt=\"impots-en-ligne\" width=\"150\" height=\"80\" \/><\/p>\n<p>Cette conf\u00e9rence sera anim\u00e9e par un responsable communication du centre des imp\u00f4ts de Rennes.<\/p>\n","protected":false},"excerpt":{"rendered":"<p>c-2i organise une conf\u00e9rence le mardi 16 mai 2017 \u00e0 20 h 00 salle Chateaubriand de St-Gr\u00e9goire sur le th\u00e8me suivant: &#8220;Aide \u00e0 la d\u00e9claration en ligne des imp\u00f4ts&#8221; Cette conf\u00e9rence sera anim\u00e9e par un responsable communication du centre des imp\u00f4ts de Rennes.<\/p>\n","protected":false},"author":191,"featured_media":0,"comment_status":"closed","ping_status":"closed","sticky":false,"template":"","format":"image","meta":{"inline_featured_image":false,"footnotes":""},"categories":[3],"tags":[],"class_list":["post-2896","post","type-post","status-publish","format-image","hentry","category-information","post_format-image"],"views":755,"_links":{"self":[{"href":"https:\/\/www.carrefour-numerique.org\/index.php?rest_route=\/wp\/v2\/posts\/2896","targetHints":{"allow":["GET"]}}],"collection":[{"href":"https:\/\/www.carrefour-numerique.org\/index.php?rest_route=\/wp\/v2\/posts"}],"about":[{"href":"https:\/\/www.carrefour-numerique.org\/index.php?rest_route=\/wp\/v2\/types\/post"}],"author":[{"embeddable":true,"href":"https:\/\/www.carrefour-numerique.org\/index.php?rest_route=\/wp\/v2\/users\/191"}],"replies":[{"embeddable":true,"href":"https:\/\/www.carrefour-numerique.org\/index.php?rest_route=%2Fwp%2Fv2%2Fcomments&post=2896"}],"version-history":[{"count":3,"href":"https:\/\/www.carrefour-numerique.org\/index.php?rest_route=\/wp\/v2\/posts\/2896\/revisions"}],"predecessor-version":[{"id":2899,"href":"https:\/\/www.carrefour-numerique.org\/index.php?rest_route=\/wp\/v2\/posts\/2896\/revisions\/2899"}],"wp:attachment":[{"href":"https:\/\/www.carrefour-numerique.org\/index.php?rest_route=%2Fwp%2Fv2%2Fmedia&parent=2896"}],"wp:term":[{"taxonomy":"category","embeddable":true,"href":"https:\/\/www.carrefour-numerique.org\/index.php?rest_route=%2Fwp%2Fv2%2Fcategories&post=2896"},{"taxonomy":"post_tag","embeddable":true,"href":"https:\/\/www.carrefour-numerique.org\/index.php?rest_route=%2Fwp%2Fv2%2Ftags&post=2896"}],"curies":[{"name":"wp","href":"https:\/\/api.w.org\/{rel}","templated":true}]}}