{"id":2856,"date":"2017-02-08T19:20:59","date_gmt":"2017-02-08T18:20:59","guid":{"rendered":"http:\/\/www.c-2i.org\/?p=2856"},"modified":"2018-04-19T01:11:47","modified_gmt":"2018-04-18T23:11:47","slug":"facebook-et-twitter","status":"publish","type":"post","link":"https:\/\/www.carrefour-numerique.org\/?p=2856","title":{"rendered":"Facebook et Twitter"},"content":{"rendered":"<p>Pour r\u00e9pondre \u00e0 plusieurs sollicitations, \u00e0 l\u2019issue\u00a0de ces vacances scolaires et\u00a0<strong>\u00e0 partir du Mercredi 1er mars 2017<\/strong>, c-2i\u00a0propose d&#8217;animer, pour 6 s\u00e9ances, un nouveau groupe d&#8217;initiation\u00a0\u00e0 <strong>Facebook<\/strong> et <strong>Twitter<\/strong> :<\/p>\n<p><img decoding=\"async\" class=\"\" src=\"https:\/\/encrypted-tbn3.gstatic.com\/images?q=tbn:ANd9GcQ16BXefyr9OfWFBFfktAnjN_G0egsZ-fcINwWeImf7dVr_izO4mQ\" alt=\"R\u00e9sultat de recherche d'images pour &quot;facebook photo&quot;\" width=\"141\" height=\"79\" \/>\u00a0R\u00e9seau social en ligne qui permet \u00e0 ses utilisateurs de publier des images, des photos, des vid\u00e9os, des fichiers et documents, d&#8217;\u00e9changer des messages, joindre et cr\u00e9er des groupes et d&#8217;utiliser une vari\u00e9t\u00e9 d&#8217;applications.<\/p>\n<p><img decoding=\"async\" class=\"alignnone wp-image-2857\" src=\"http:\/\/www.c-2i.org\/wp-content\/uploads\/2017\/02\/twitter-150x150.gif\" alt=\"twitter\" width=\"92\" height=\"92\" srcset=\"https:\/\/www.carrefour-numerique.org\/wp-content\/uploads\/2017\/02\/twitter-150x150.gif 150w, https:\/\/www.carrefour-numerique.org\/wp-content\/uploads\/2017\/02\/twitter-50x50.gif 50w\" sizes=\"(max-width: 92px) 100vw, 92px\" \/>\u00a0Envoyer gratuitement de brefs messages, appel\u00e9s <strong>T<i>weets<\/i><\/strong>, sur internet, par messagerie instantan\u00e9e ou par SMS.<\/p>\n<p>&#8220;D\u00e9couvrir et ma\u00eetriser&#8221; ces 2 r\u00e9seaux sociaux.<\/p>\n<p>S\u00e9ances pr\u00e9vues\u00a0<strong>le mercredi de 16h \u00e0 17h30 salle 6 de La Forge.<\/strong><\/p>\n<p>Les demandes des membres int\u00e9ress\u00e9s sont \u00e0 envoyer par mail directement \u00e0 Jean-Louis : <a href=\"mailto:jl.allier25@gmail.com\" target=\"_blank\" rel=\"noopener noreferrer\">jl.allier25@gmail.com<\/a>,\u00a0le plus t\u00f4t possible.<\/p>\n","protected":false},"excerpt":{"rendered":"<p>Pour r\u00e9pondre \u00e0 plusieurs sollicitations, \u00e0 l\u2019issue\u00a0de ces vacances scolaires et\u00a0\u00e0 partir du Mercredi 1er mars 2017, c-2i\u00a0propose d&#8217;animer, pour 6 s\u00e9ances, un nouveau groupe d&#8217;initiation\u00a0\u00e0 Facebook et Twitter : \u00a0R\u00e9seau social en ligne qui permet \u00e0 ses utilisateurs de publier des images, des photos, des vid\u00e9os, des fichiers et documents, d&#8217;\u00e9changer des messages, joindre &#8230; <a title=\"Facebook et Twitter\" class=\"read-more\" href=\"https:\/\/www.carrefour-numerique.org\/?p=2856\" aria-label=\"En savoir plus sur Facebook et Twitter\">Lire la suite<\/a><\/p>\n","protected":false},"author":191,"featured_media":0,"comment_status":"closed","ping_status":"closed","sticky":false,"template":"","format":"standard","meta":{"inline_featured_image":false,"footnotes":""},"categories":[3],"tags":[],"class_list":["post-2856","post","type-post","status-publish","format-standard","hentry","category-information"],"views":741,"_links":{"self":[{"href":"https:\/\/www.carrefour-numerique.org\/index.php?rest_route=\/wp\/v2\/posts\/2856","targetHints":{"allow":["GET"]}}],"collection":[{"href":"https:\/\/www.carrefour-numerique.org\/index.php?rest_route=\/wp\/v2\/posts"}],"about":[{"href":"https:\/\/www.carrefour-numerique.org\/index.php?rest_route=\/wp\/v2\/types\/post"}],"author":[{"embeddable":true,"href":"https:\/\/www.carrefour-numerique.org\/index.php?rest_route=\/wp\/v2\/users\/191"}],"replies":[{"embeddable":true,"href":"https:\/\/www.carrefour-numerique.org\/index.php?rest_route=%2Fwp%2Fv2%2Fcomments&post=2856"}],"version-history":[{"count":5,"href":"https:\/\/www.carrefour-numerique.org\/index.php?rest_route=\/wp\/v2\/posts\/2856\/revisions"}],"predecessor-version":[{"id":2992,"href":"https:\/\/www.carrefour-numerique.org\/index.php?rest_route=\/wp\/v2\/posts\/2856\/revisions\/2992"}],"wp:attachment":[{"href":"https:\/\/www.carrefour-numerique.org\/index.php?rest_route=%2Fwp%2Fv2%2Fmedia&parent=2856"}],"wp:term":[{"taxonomy":"category","embeddable":true,"href":"https:\/\/www.carrefour-numerique.org\/index.php?rest_route=%2Fwp%2Fv2%2Fcategories&post=2856"},{"taxonomy":"post_tag","embeddable":true,"href":"https:\/\/www.carrefour-numerique.org\/index.php?rest_route=%2Fwp%2Fv2%2Ftags&post=2856"}],"curies":[{"name":"wp","href":"https:\/\/api.w.org\/{rel}","templated":true}]}}