{"id":2179,"date":"2015-01-12T17:42:52","date_gmt":"2015-01-12T16:42:52","guid":{"rendered":"http:\/\/www.c-2i.org\/?p=2179"},"modified":"2018-03-06T20:00:25","modified_gmt":"2018-03-06T19:00:25","slug":"conference-pratique-informatique-et-la-sante","status":"publish","type":"post","link":"https:\/\/www.carrefour-numerique.org\/?p=2179","title":{"rendered":"Conf\u00e9rence Pratique informatique et la sant\u00e9"},"content":{"rendered":"<p><span style=\"text-decoration: underline;\">Prochaine conf\u00e9rence:<\/span><\/p>\n<p>Le jeudi 5 f\u00e9vrier 2015 \u00e0 20h00<strong>, salle Armen <\/strong>\u00e0 la <a href=\"https:\/\/www.google.fr\/maps\/@48.154366,-1.681582,3a,75y,14.65h,86.62t\/data=!3m4!1e1!3m2!1sjhSrGKhdoTB5-jOQqHcvqQ!2e0?hl=fr\">maison des associations<\/a><\/p>\n<p>&#8220;<span style=\"color: #ff6600;\"><strong>Pratique informatique et la sant\u00e9<\/strong><\/span>&#8221;<\/p>\n<p>anim\u00e9e par M.\u00a0<strong>Foricher<\/strong>\u00a0St\u00e9 JMF consulting.<\/p>\n<p>Cette conf\u00e9rence est ouverte \u00e0 tous les gr\u00e9goriens.<\/p>\n<p>Un sujet o\u00f9 l&#8217;on pr\u00e9sentera les pr\u00e9cautions \u00e0 prendre et des solutions \u00e0 mettre en \u0153uvre face \u00e0 l&#8217;usage croissant, voire intensif des mat\u00e9riels informatiques.<\/p>\n<p><span style=\"color: #222222; font-family: arial, sans-serif; font-size: 13px; font-style: normal; font-variant: normal; font-weight: normal; letter-spacing: normal; line-height: normal; orphans: auto; text-align: start; text-indent: 0px; text-transform: none; white-space: normal; widows: auto; word-spacing: 0px; -webkit-text-stroke-width: 0px; display: inline !important; float: none; background-color: #ffffff;\">\u00a0<\/span><\/p>\n<p>.<\/p>\n<p>&nbsp;<\/p>\n","protected":false},"excerpt":{"rendered":"<p>Prochaine conf\u00e9rence: Le jeudi 5 f\u00e9vrier 2015 \u00e0 20h00, salle Armen \u00e0 la maison des associations &#8220;Pratique informatique et la sant\u00e9&#8221; anim\u00e9e par M.\u00a0Foricher\u00a0St\u00e9 JMF consulting. Cette conf\u00e9rence est ouverte \u00e0 tous les gr\u00e9goriens. Un sujet o\u00f9 l&#8217;on pr\u00e9sentera les pr\u00e9cautions \u00e0 prendre et des solutions \u00e0 mettre en \u0153uvre face \u00e0 l&#8217;usage croissant, voire &#8230; <a title=\"Conf\u00e9rence Pratique informatique et la sant\u00e9\" class=\"read-more\" href=\"https:\/\/www.carrefour-numerique.org\/?p=2179\" aria-label=\"En savoir plus sur Conf\u00e9rence Pratique informatique et la sant\u00e9\">Lire la suite<\/a><\/p>\n","protected":false},"author":191,"featured_media":0,"comment_status":"closed","ping_status":"closed","sticky":false,"template":"","format":"standard","meta":{"inline_featured_image":false,"footnotes":""},"categories":[9],"tags":[],"class_list":["post-2179","post","type-post","status-publish","format-standard","hentry","category-conference"],"views":742,"_links":{"self":[{"href":"https:\/\/www.carrefour-numerique.org\/index.php?rest_route=\/wp\/v2\/posts\/2179","targetHints":{"allow":["GET"]}}],"collection":[{"href":"https:\/\/www.carrefour-numerique.org\/index.php?rest_route=\/wp\/v2\/posts"}],"about":[{"href":"https:\/\/www.carrefour-numerique.org\/index.php?rest_route=\/wp\/v2\/types\/post"}],"author":[{"embeddable":true,"href":"https:\/\/www.carrefour-numerique.org\/index.php?rest_route=\/wp\/v2\/users\/191"}],"replies":[{"embeddable":true,"href":"https:\/\/www.carrefour-numerique.org\/index.php?rest_route=%2Fwp%2Fv2%2Fcomments&post=2179"}],"version-history":[{"count":8,"href":"https:\/\/www.carrefour-numerique.org\/index.php?rest_route=\/wp\/v2\/posts\/2179\/revisions"}],"predecessor-version":[{"id":2187,"href":"https:\/\/www.carrefour-numerique.org\/index.php?rest_route=\/wp\/v2\/posts\/2179\/revisions\/2187"}],"wp:attachment":[{"href":"https:\/\/www.carrefour-numerique.org\/index.php?rest_route=%2Fwp%2Fv2%2Fmedia&parent=2179"}],"wp:term":[{"taxonomy":"category","embeddable":true,"href":"https:\/\/www.carrefour-numerique.org\/index.php?rest_route=%2Fwp%2Fv2%2Fcategories&post=2179"},{"taxonomy":"post_tag","embeddable":true,"href":"https:\/\/www.carrefour-numerique.org\/index.php?rest_route=%2Fwp%2Fv2%2Ftags&post=2179"}],"curies":[{"name":"wp","href":"https:\/\/api.w.org\/{rel}","templated":true}]}}